{"id":23558,"date":"2024-02-28T19:34:37","date_gmt":"2024-02-28T19:34:37","guid":{"rendered":"https:\/\/www.empower-solar.com\/?p=23558"},"modified":"2024-02-28T19:34:37","modified_gmt":"2024-02-28T19:34:37","slug":"state-of-solar-a-letter-from-david-g-schieren-empower-solar-ceo","status":"publish","type":"post","link":"https:\/\/empower-solar.com\/es\/blog\/state-of-solar-a-letter-from-david-g-schieren-empower-solar-ceo\/","title":{"rendered":"Estado de Solar+: una carta de David G. Schieren, director ejecutivo de EmPower Solar"},"content":{"rendered":"<p>Hola,<\/p>\n<p>Esperamos que todos ustedes est\u00e9n teniendo un comienzo incre\u00edble del A\u00f1o Nuevo. Como estamos a pocos meses del a\u00f1o, quer\u00edamos reflexionar sobre 2023 y compartir nuestra perspectiva optimista para 2024 y m\u00e1s all\u00e1.<\/p>\n<p>Este a\u00f1o sirve como punto de inflexi\u00f3n para la energ\u00eda limpia. El \u00e1rea metropolitana de Nueva York est\u00e1 en la c\u00faspide de un auge en la electrificaci\u00f3n residencial, alimentada por energ\u00eda solar y almacenamiento de bater\u00edas. Los precios de la electricidad siguen aumentando, lo que significa que la energ\u00eda solar sigue generando mayores ahorros. La Ley de Reducci\u00f3n de la Inflaci\u00f3n (IRA) que gener\u00f3 ahorros sin precedentes para los consumidores y al mismo tiempo nos ayud\u00f3 a hacer la transici\u00f3n a energ\u00edas limpias y renovables.<\/p>\n<p>El futuro de la energ\u00eda solar ha evolucionado hacia una poderosa combinaci\u00f3n de energ\u00eda solar + bater\u00eda. Las tarifas de hora del d\u00eda (TOD), cuyo desarrollo nos asociamos con LIPA y PSEG LI, entraron en vigor este a\u00f1o y pueden aumentar sus ahorros. Esta tambi\u00e9n es una opci\u00f3n para los clientes de ConEd. Una evoluci\u00f3n importante en los precios de la electricidad, TOD es un punto de inflexi\u00f3n para todos los contribuyentes, especialmente aquellos con energ\u00eda solar y bater\u00edas, y los animo a comenzar a explorar lo que esto podr\u00eda significar para ustedes.\u00a0<a href=\"https:\/\/empower-solar.com\/es\/blog\/time-of-day-tod-rates-2024\/?utm_source=hs_email&amp;utm_medium=email&amp;_hsenc=p2ANqtz-8yUJl2hMXXxDdxUOQvMITjmyv-HqsS45MmHnHevOQVq5M1ucDECFhyPaZNiuTEZJg0UaAe\" target=\"_blank\" rel=\"noopener\" data-hs-link-id=\"0\">Puede leer m\u00e1s aqu\u00ed.<\/a><\/p>\n<p>Ahora que los precios m\u00e1ximos se est\u00e1n volviendo realidad, la energ\u00eda de una bater\u00eda con energ\u00eda solar ya no es algo agradable sino una necesidad. Lo que antes era solo energ\u00eda de respaldo ahora puede brindarle ahorros a\u00fan mayores.<\/p>\n<p>Quiz\u00e1s lo m\u00e1s emocionante sea el anuncio del nuevo Tesla Powerwall 3. Disponible para nuevas instalaciones solares y mejoras solares existentes, este producto revolucionar\u00e1 el espacio de las bater\u00edas y estamos orgullosos de ser una de las primeras empresas en la costa este en haber instalado una. . Compartiremos m\u00e1s informaci\u00f3n sobre esto pronto, pero mientras tanto estaremos encantados de responder cualquier pregunta.\u00a0<a href=\"https:\/\/empower-solar.com\/es\/contact-us\/?utm_source=hs_email&amp;utm_medium=email&amp;_hsenc=p2ANqtz-8yUJl2hMXXxDdxUOQvMITjmyv-HqsS45MmHnHevOQVq5M1ucDECFhyPaZNiuTEZJg0UaAe\" target=\"_blank\" rel=\"noopener\" data-hs-link-id=\"0\">Puedes contactarnos aqu\u00ed.<\/a><\/p>\n<p>M\u00e1s all\u00e1 de la tecnolog\u00eda de alto rendimiento y el servicio cinco estrellas, estamos ansiosos por seguir brind\u00e1ndole valor. Durante las pr\u00f3ximas semanas anunciaremos algunas actualizaciones interesantes. Recibimos muchas preguntas sobre las tarifas TOD, por lo que organizaremos un seminario web para ayudarlo a comprender mejor qu\u00e9 son y brindarle orientaci\u00f3n sobre c\u00f3mo utilizarlas para su beneficio y maximizar sus ahorros. Tambi\u00e9n implementaremos servicios adicionales, como un nuevo plan de monitoreo de servicios, para ayudarlo en su camino hacia la electrificaci\u00f3n total de su hogar.<\/p>\n<p>Estamos aqu\u00ed para ayudarlo y lo alentamos a comunicarse si tiene alguna pregunta.<\/p>\n<p>Mejor,<br \/>\n<strong>David G.Schieren<\/strong><br \/>\nDirector ejecutivo de EmPower Solar<br \/>\nVicepresidente de la Divisi\u00f3n Generaci\u00f3n Distribuida, SEIA<br \/>\n<a href=\"http:\/\/empower-solar.com\/es\/?utm_source=hs_email&amp;utm_medium=email&amp;_hsenc=p2ANqtz-8yUJl2hMXXxDdxUOQvMITjmyv-HqsS45MmHnHevOQVq5M1ucDECFhyPaZNiuTEZJg0UaAe\" target=\"_blank\" rel=\"noopener\" data-hs-link-id=\"1\">empoderar-solar.com<\/a><\/p>","protected":false},"excerpt":{"rendered":"<p>Hello, We hope all of you are having an amazing start to the New Year. As we are a few months into the year, we wanted to reflect on 2023 and share our optimistic outlook for 2024 and beyond. This year serves as an inflection point for clean energy. The New York Metropolitan area is [&hellip;]<\/p>\n","protected":false},"author":4,"featured_media":23559,"comment_status":"open","ping_status":"open","sticky":false,"template":"","format":"standard","meta":{"_acf_changed":false,"nf_dc_page":"","_jetpack_memberships_contains_paid_content":false,"footnotes":""},"categories":[9,14,6,12],"tags":[],"class_list":["post-23558","post","type-post","status-publish","format-standard","has-post-thumbnail","hentry","category-batteries-storms-resiliency","category-energy-technologies","category-home-solar","category-news"],"acf":[],"yoast_head":"<!-- This site is optimized with the Yoast SEO plugin v27.4 - https:\/\/yoast.com\/product\/yoast-seo-wordpress\/ -->\n<title>State of Solar+: A Letter from David G. Schieren, EmPower Solar CEO - EmPower Solar<\/title>\n<meta name=\"robots\" content=\"index, follow, max-snippet:-1, max-image-preview:large, max-video-preview:-1\" \/>\n<link rel=\"canonical\" href=\"https:\/\/empower-solar.com\/es\/blog\/state-of-solar-a-letter-from-david-g-schieren-empower-solar-ceo\/\" \/>\n<meta property=\"og:locale\" content=\"es_ES\" \/>\n<meta property=\"og:type\" content=\"article\" \/>\n<meta property=\"og:title\" content=\"State of Solar+: A Letter from David G. Schieren, EmPower Solar CEO - EmPower Solar\" \/>\n<meta property=\"og:description\" content=\"Hello, We hope all of you are having an amazing start to the New Year. As we are a few months into the year, we wanted to reflect on 2023 and share our optimistic outlook for 2024 and beyond. This year serves as an inflection point for clean energy. The New York Metropolitan area is [&hellip;]\" \/>\n<meta property=\"og:url\" content=\"https:\/\/empower-solar.com\/es\/blog\/state-of-solar-a-letter-from-david-g-schieren-empower-solar-ceo\/\" \/>\n<meta property=\"og:site_name\" content=\"EmPower Solar\" \/>\n<meta property=\"article:published_time\" content=\"2024-02-28T19:34:37+00:00\" \/>\n<meta property=\"og:image\" content=\"https:\/\/i0.wp.com\/empower-solar.com\/wp-content\/uploads\/2024\/02\/DS-Letter-Blog-Banner.png?fit=2240%2C1260&ssl=1\" \/>\n\t<meta property=\"og:image:width\" content=\"2240\" \/>\n\t<meta property=\"og:image:height\" content=\"1260\" \/>\n\t<meta property=\"og:image:type\" content=\"image\/png\" \/>\n<meta name=\"author\" content=\"Julia Ahrens\" \/>\n<meta name=\"twitter:card\" content=\"summary_large_image\" \/>\n<meta name=\"twitter:label1\" content=\"Escrito por\" \/>\n\t<meta name=\"twitter:data1\" content=\"Julia Ahrens\" \/>\n\t<meta name=\"twitter:label2\" content=\"Tiempo de lectura\" \/>\n\t<meta name=\"twitter:data2\" content=\"3 minutos\" \/>\n<script type=\"application\/ld+json\" class=\"yoast-schema-graph\">{\"@context\":\"https:\\\/\\\/schema.org\",\"@graph\":[{\"@type\":\"Article\",\"@id\":\"https:\\\/\\\/empower-solar.com\\\/en\\\/blog\\\/state-of-solar-a-letter-from-david-g-schieren-empower-solar-ceo\\\/#article\",\"isPartOf\":{\"@id\":\"https:\\\/\\\/empower-solar.com\\\/en\\\/blog\\\/state-of-solar-a-letter-from-david-g-schieren-empower-solar-ceo\\\/\"},\"author\":{\"name\":\"Julia Ahrens\",\"@id\":\"https:\\\/\\\/empower-solar.com\\\/en\\\/#\\\/schema\\\/person\\\/b3afb3ce1d5ddaa4e9e0b33127933d21\"},\"headline\":\"State of Solar+: A Letter from David G. Schieren, EmPower Solar CEO\",\"datePublished\":\"2024-02-28T19:34:37+00:00\",\"mainEntityOfPage\":{\"@id\":\"https:\\\/\\\/empower-solar.com\\\/en\\\/blog\\\/state-of-solar-a-letter-from-david-g-schieren-empower-solar-ceo\\\/\"},\"wordCount\":421,\"commentCount\":0,\"publisher\":{\"@id\":\"https:\\\/\\\/empower-solar.com\\\/en\\\/#organization\"},\"image\":{\"@id\":\"https:\\\/\\\/empower-solar.com\\\/en\\\/blog\\\/state-of-solar-a-letter-from-david-g-schieren-empower-solar-ceo\\\/#primaryimage\"},\"thumbnailUrl\":\"https:\\\/\\\/i0.wp.com\\\/empower-solar.com\\\/wp-content\\\/uploads\\\/2024\\\/02\\\/DS-Letter-Blog-Banner.png?fit=2240%2C1260&ssl=1\",\"articleSection\":[\"Batteries, Storms and Resiliency\",\"Energy Technologies\",\"Home Solar\",\"News\"],\"inLanguage\":\"es\",\"potentialAction\":[{\"@type\":\"CommentAction\",\"name\":\"Comment\",\"target\":[\"https:\\\/\\\/empower-solar.com\\\/en\\\/blog\\\/state-of-solar-a-letter-from-david-g-schieren-empower-solar-ceo\\\/#respond\"]}]},{\"@type\":\"WebPage\",\"@id\":\"https:\\\/\\\/empower-solar.com\\\/en\\\/blog\\\/state-of-solar-a-letter-from-david-g-schieren-empower-solar-ceo\\\/\",\"url\":\"https:\\\/\\\/empower-solar.com\\\/en\\\/blog\\\/state-of-solar-a-letter-from-david-g-schieren-empower-solar-ceo\\\/\",\"name\":\"State of Solar+: A Letter from David G. Schieren, EmPower Solar CEO - EmPower Solar\",\"isPartOf\":{\"@id\":\"https:\\\/\\\/empower-solar.com\\\/en\\\/#website\"},\"primaryImageOfPage\":{\"@id\":\"https:\\\/\\\/empower-solar.com\\\/en\\\/blog\\\/state-of-solar-a-letter-from-david-g-schieren-empower-solar-ceo\\\/#primaryimage\"},\"image\":{\"@id\":\"https:\\\/\\\/empower-solar.com\\\/en\\\/blog\\\/state-of-solar-a-letter-from-david-g-schieren-empower-solar-ceo\\\/#primaryimage\"},\"thumbnailUrl\":\"https:\\\/\\\/i0.wp.com\\\/empower-solar.com\\\/wp-content\\\/uploads\\\/2024\\\/02\\\/DS-Letter-Blog-Banner.png?fit=2240%2C1260&ssl=1\",\"datePublished\":\"2024-02-28T19:34:37+00:00\",\"breadcrumb\":{\"@id\":\"https:\\\/\\\/empower-solar.com\\\/en\\\/blog\\\/state-of-solar-a-letter-from-david-g-schieren-empower-solar-ceo\\\/#breadcrumb\"},\"inLanguage\":\"es\",\"potentialAction\":[{\"@type\":\"ReadAction\",\"target\":[\"https:\\\/\\\/empower-solar.com\\\/en\\\/blog\\\/state-of-solar-a-letter-from-david-g-schieren-empower-solar-ceo\\\/\"]}]},{\"@type\":\"ImageObject\",\"inLanguage\":\"es\",\"@id\":\"https:\\\/\\\/empower-solar.com\\\/en\\\/blog\\\/state-of-solar-a-letter-from-david-g-schieren-empower-solar-ceo\\\/#primaryimage\",\"url\":\"https:\\\/\\\/i0.wp.com\\\/empower-solar.com\\\/wp-content\\\/uploads\\\/2024\\\/02\\\/DS-Letter-Blog-Banner.png?fit=2240%2C1260&ssl=1\",\"contentUrl\":\"https:\\\/\\\/i0.wp.com\\\/empower-solar.com\\\/wp-content\\\/uploads\\\/2024\\\/02\\\/DS-Letter-Blog-Banner.png?fit=2240%2C1260&ssl=1\",\"width\":2240,\"height\":1260},{\"@type\":\"BreadcrumbList\",\"@id\":\"https:\\\/\\\/empower-solar.com\\\/en\\\/blog\\\/state-of-solar-a-letter-from-david-g-schieren-empower-solar-ceo\\\/#breadcrumb\",\"itemListElement\":[{\"@type\":\"ListItem\",\"position\":1,\"name\":\"Home\",\"item\":\"https:\\\/\\\/empower-solar.com\\\/en\\\/\"},{\"@type\":\"ListItem\",\"position\":2,\"name\":\"State of Solar+: A Letter from David G. Schieren, EmPower Solar CEO\"}]},{\"@type\":\"WebSite\",\"@id\":\"https:\\\/\\\/empower-solar.com\\\/en\\\/#website\",\"url\":\"https:\\\/\\\/empower-solar.com\\\/en\\\/\",\"name\":\"EmPower Solar\",\"description\":\"Long Island + NYC Solar Company\",\"publisher\":{\"@id\":\"https:\\\/\\\/empower-solar.com\\\/en\\\/#organization\"},\"potentialAction\":[{\"@type\":\"SearchAction\",\"target\":{\"@type\":\"EntryPoint\",\"urlTemplate\":\"https:\\\/\\\/empower-solar.com\\\/en\\\/?s={search_term_string}\"},\"query-input\":{\"@type\":\"PropertyValueSpecification\",\"valueRequired\":true,\"valueName\":\"search_term_string\"}}],\"inLanguage\":\"es\"},{\"@type\":\"Organization\",\"@id\":\"https:\\\/\\\/empower-solar.com\\\/en\\\/#organization\",\"name\":\"EmPower Solar\",\"url\":\"https:\\\/\\\/empower-solar.com\\\/en\\\/\",\"logo\":{\"@type\":\"ImageObject\",\"inLanguage\":\"es\",\"@id\":\"https:\\\/\\\/empower-solar.com\\\/en\\\/#\\\/schema\\\/logo\\\/image\\\/\",\"url\":\"http:\\\/\\\/www.empower-solar.com\\\/wp-content\\\/uploads\\\/2020\\\/10\\\/New-Logo-Social.jpg\",\"contentUrl\":\"http:\\\/\\\/www.empower-solar.com\\\/wp-content\\\/uploads\\\/2020\\\/10\\\/New-Logo-Social.jpg\",\"width\":1000,\"height\":1000,\"caption\":\"EmPower Solar\"},\"image\":{\"@id\":\"https:\\\/\\\/empower-solar.com\\\/en\\\/#\\\/schema\\\/logo\\\/image\\\/\"}},{\"@type\":\"Person\",\"@id\":\"https:\\\/\\\/empower-solar.com\\\/en\\\/#\\\/schema\\\/person\\\/b3afb3ce1d5ddaa4e9e0b33127933d21\",\"name\":\"Julia Ahrens\",\"image\":{\"@type\":\"ImageObject\",\"inLanguage\":\"es\",\"@id\":\"https:\\\/\\\/secure.gravatar.com\\\/avatar\\\/e6fb09bb3162e287f55d3eeb9b6970cde450e6cfacb246b7f753e17fbc7c7962?s=96&d=mm&r=g\",\"url\":\"https:\\\/\\\/secure.gravatar.com\\\/avatar\\\/e6fb09bb3162e287f55d3eeb9b6970cde450e6cfacb246b7f753e17fbc7c7962?s=96&d=mm&r=g\",\"contentUrl\":\"https:\\\/\\\/secure.gravatar.com\\\/avatar\\\/e6fb09bb3162e287f55d3eeb9b6970cde450e6cfacb246b7f753e17fbc7c7962?s=96&d=mm&r=g\",\"caption\":\"Julia Ahrens\"},\"url\":\"https:\\\/\\\/empower-solar.com\\\/es\\\/blog\\\/author\\\/acronin\\\/\"}]}<\/script>\n<!-- \/ Yoast SEO plugin. -->","yoast_head_json":{"title":"State of Solar+: A Letter from David G. Schieren, EmPower Solar CEO - EmPower Solar","robots":{"index":"index","follow":"follow","max-snippet":"max-snippet:-1","max-image-preview":"max-image-preview:large","max-video-preview":"max-video-preview:-1"},"canonical":"https:\/\/empower-solar.com\/es\/blog\/state-of-solar-a-letter-from-david-g-schieren-empower-solar-ceo\/","og_locale":"es_ES","og_type":"article","og_title":"State of Solar+: A Letter from David G. Schieren, EmPower Solar CEO - EmPower Solar","og_description":"Hello, We hope all of you are having an amazing start to the New Year. As we are a few months into the year, we wanted to reflect on 2023 and share our optimistic outlook for 2024 and beyond. This year serves as an inflection point for clean energy. The New York Metropolitan area is [&hellip;]","og_url":"https:\/\/empower-solar.com\/es\/blog\/state-of-solar-a-letter-from-david-g-schieren-empower-solar-ceo\/","og_site_name":"EmPower Solar","article_published_time":"2024-02-28T19:34:37+00:00","og_image":[{"width":2240,"height":1260,"url":"https:\/\/i0.wp.com\/empower-solar.com\/wp-content\/uploads\/2024\/02\/DS-Letter-Blog-Banner.png?fit=2240%2C1260&ssl=1","type":"image\/png"}],"author":"Julia Ahrens","twitter_card":"summary_large_image","twitter_misc":{"Escrito por":"Julia Ahrens","Tiempo de lectura":"3 minutos"},"schema":{"@context":"https:\/\/schema.org","@graph":[{"@type":"Article","@id":"https:\/\/empower-solar.com\/en\/blog\/state-of-solar-a-letter-from-david-g-schieren-empower-solar-ceo\/#article","isPartOf":{"@id":"https:\/\/empower-solar.com\/en\/blog\/state-of-solar-a-letter-from-david-g-schieren-empower-solar-ceo\/"},"author":{"name":"Julia Ahrens","@id":"https:\/\/empower-solar.com\/en\/#\/schema\/person\/b3afb3ce1d5ddaa4e9e0b33127933d21"},"headline":"State of Solar+: A Letter from David G. Schieren, EmPower Solar CEO","datePublished":"2024-02-28T19:34:37+00:00","mainEntityOfPage":{"@id":"https:\/\/empower-solar.com\/en\/blog\/state-of-solar-a-letter-from-david-g-schieren-empower-solar-ceo\/"},"wordCount":421,"commentCount":0,"publisher":{"@id":"https:\/\/empower-solar.com\/en\/#organization"},"image":{"@id":"https:\/\/empower-solar.com\/en\/blog\/state-of-solar-a-letter-from-david-g-schieren-empower-solar-ceo\/#primaryimage"},"thumbnailUrl":"https:\/\/i0.wp.com\/empower-solar.com\/wp-content\/uploads\/2024\/02\/DS-Letter-Blog-Banner.png?fit=2240%2C1260&ssl=1","articleSection":["Batteries, Storms and Resiliency","Energy Technologies","Home Solar","News"],"inLanguage":"es","potentialAction":[{"@type":"CommentAction","name":"Comment","target":["https:\/\/empower-solar.com\/en\/blog\/state-of-solar-a-letter-from-david-g-schieren-empower-solar-ceo\/#respond"]}]},{"@type":"WebPage","@id":"https:\/\/empower-solar.com\/en\/blog\/state-of-solar-a-letter-from-david-g-schieren-empower-solar-ceo\/","url":"https:\/\/empower-solar.com\/en\/blog\/state-of-solar-a-letter-from-david-g-schieren-empower-solar-ceo\/","name":"State of Solar+: A Letter from David G. Schieren, EmPower Solar CEO - EmPower Solar","isPartOf":{"@id":"https:\/\/empower-solar.com\/en\/#website"},"primaryImageOfPage":{"@id":"https:\/\/empower-solar.com\/en\/blog\/state-of-solar-a-letter-from-david-g-schieren-empower-solar-ceo\/#primaryimage"},"image":{"@id":"https:\/\/empower-solar.com\/en\/blog\/state-of-solar-a-letter-from-david-g-schieren-empower-solar-ceo\/#primaryimage"},"thumbnailUrl":"https:\/\/i0.wp.com\/empower-solar.com\/wp-content\/uploads\/2024\/02\/DS-Letter-Blog-Banner.png?fit=2240%2C1260&ssl=1","datePublished":"2024-02-28T19:34:37+00:00","breadcrumb":{"@id":"https:\/\/empower-solar.com\/en\/blog\/state-of-solar-a-letter-from-david-g-schieren-empower-solar-ceo\/#breadcrumb"},"inLanguage":"es","potentialAction":[{"@type":"ReadAction","target":["https:\/\/empower-solar.com\/en\/blog\/state-of-solar-a-letter-from-david-g-schieren-empower-solar-ceo\/"]}]},{"@type":"ImageObject","inLanguage":"es","@id":"https:\/\/empower-solar.com\/en\/blog\/state-of-solar-a-letter-from-david-g-schieren-empower-solar-ceo\/#primaryimage","url":"https:\/\/i0.wp.com\/empower-solar.com\/wp-content\/uploads\/2024\/02\/DS-Letter-Blog-Banner.png?fit=2240%2C1260&ssl=1","contentUrl":"https:\/\/i0.wp.com\/empower-solar.com\/wp-content\/uploads\/2024\/02\/DS-Letter-Blog-Banner.png?fit=2240%2C1260&ssl=1","width":2240,"height":1260},{"@type":"BreadcrumbList","@id":"https:\/\/empower-solar.com\/en\/blog\/state-of-solar-a-letter-from-david-g-schieren-empower-solar-ceo\/#breadcrumb","itemListElement":[{"@type":"ListItem","position":1,"name":"Home","item":"https:\/\/empower-solar.com\/en\/"},{"@type":"ListItem","position":2,"name":"State of Solar+: A Letter from David G. Schieren, EmPower Solar CEO"}]},{"@type":"WebSite","@id":"https:\/\/empower-solar.com\/en\/#website","url":"https:\/\/empower-solar.com\/en\/","name":"Energ\u00eda Solar","description":"Long Island + Compa\u00f1\u00eda Solar de Nueva York","publisher":{"@id":"https:\/\/empower-solar.com\/en\/#organization"},"potentialAction":[{"@type":"SearchAction","target":{"@type":"EntryPoint","urlTemplate":"https:\/\/empower-solar.com\/en\/?s={search_term_string}"},"query-input":{"@type":"PropertyValueSpecification","valueRequired":true,"valueName":"search_term_string"}}],"inLanguage":"es"},{"@type":"Organization","@id":"https:\/\/empower-solar.com\/en\/#organization","name":"Energ\u00eda Solar","url":"https:\/\/empower-solar.com\/en\/","logo":{"@type":"ImageObject","inLanguage":"es","@id":"https:\/\/empower-solar.com\/en\/#\/schema\/logo\/image\/","url":"http:\/\/www.empower-solar.com\/wp-content\/uploads\/2020\/10\/New-Logo-Social.jpg","contentUrl":"http:\/\/www.empower-solar.com\/wp-content\/uploads\/2020\/10\/New-Logo-Social.jpg","width":1000,"height":1000,"caption":"EmPower Solar"},"image":{"@id":"https:\/\/empower-solar.com\/en\/#\/schema\/logo\/image\/"}},{"@type":"Person","@id":"https:\/\/empower-solar.com\/en\/#\/schema\/person\/b3afb3ce1d5ddaa4e9e0b33127933d21","name":"Julia Ahrens","image":{"@type":"ImageObject","inLanguage":"es","@id":"https:\/\/secure.gravatar.com\/avatar\/e6fb09bb3162e287f55d3eeb9b6970cde450e6cfacb246b7f753e17fbc7c7962?s=96&d=mm&r=g","url":"https:\/\/secure.gravatar.com\/avatar\/e6fb09bb3162e287f55d3eeb9b6970cde450e6cfacb246b7f753e17fbc7c7962?s=96&d=mm&r=g","contentUrl":"https:\/\/secure.gravatar.com\/avatar\/e6fb09bb3162e287f55d3eeb9b6970cde450e6cfacb246b7f753e17fbc7c7962?s=96&d=mm&r=g","caption":"Julia Ahrens"},"url":"https:\/\/empower-solar.com\/es\/blog\/author\/acronin\/"}]}},"jetpack_featured_media_url":"https:\/\/i0.wp.com\/empower-solar.com\/wp-content\/uploads\/2024\/02\/DS-Letter-Blog-Banner.png?fit=2240%2C1260&ssl=1","jetpack_sharing_enabled":true,"_links":{"self":[{"href":"https:\/\/empower-solar.com\/es\/wp-json\/wp\/v2\/posts\/23558","targetHints":{"allow":["GET"]}}],"collection":[{"href":"https:\/\/empower-solar.com\/es\/wp-json\/wp\/v2\/posts"}],"about":[{"href":"https:\/\/empower-solar.com\/es\/wp-json\/wp\/v2\/types\/post"}],"author":[{"embeddable":true,"href":"https:\/\/empower-solar.com\/es\/wp-json\/wp\/v2\/users\/4"}],"replies":[{"embeddable":true,"href":"https:\/\/empower-solar.com\/es\/wp-json\/wp\/v2\/comments?post=23558"}],"version-history":[{"count":0,"href":"https:\/\/empower-solar.com\/es\/wp-json\/wp\/v2\/posts\/23558\/revisions"}],"wp:featuredmedia":[{"embeddable":true,"href":"https:\/\/empower-solar.com\/es\/wp-json\/wp\/v2\/media\/23559"}],"wp:attachment":[{"href":"https:\/\/empower-solar.com\/es\/wp-json\/wp\/v2\/media?parent=23558"}],"wp:term":[{"taxonomy":"category","embeddable":true,"href":"https:\/\/empower-solar.com\/es\/wp-json\/wp\/v2\/categories?post=23558"},{"taxonomy":"post_tag","embeddable":true,"href":"https:\/\/empower-solar.com\/es\/wp-json\/wp\/v2\/tags?post=23558"}],"curies":[{"name":"wp","href":"https:\/\/api.w.org\/{rel}","templated":true}]}}